{"id":3051,"date":"2022-01-17T19:24:23","date_gmt":"2022-01-17T22:24:23","guid":{"rendered":"http:\/\/realptl.letras.ufmg.br\/realptl\/?p=3051"},"modified":"2022-01-17T19:27:46","modified_gmt":"2022-01-17T22:27:46","slug":"letramento-digital-e-a-bncc","status":"publish","type":"post","link":"http:\/\/realptl.letras.ufmg.br\/realptl\/arquivos\/3051","title":{"rendered":"Letramento digital e a BNCC"},"content":{"rendered":"\n<p>Neste livreto as autoras apresentam a defini\u00e7\u00e3o sobre o letramento digital e o que diz a BNCC, documento que rege a educa\u00e7\u00e3o b\u00e1sica brasileira, sobre a aplica\u00e7\u00e3o dele.<\/p>\n\n\n\n<div class=\"wp-block-file\"><object class=\"wp-block-file__embed\" data=\"http:\/\/realptl.letras.ufmg.br\/realptl\/wp-content\/uploads\/2022\/01\/Letramento-digital-e-a-BNCC.pdf\" type=\"application\/pdf\" style=\"width:100%;height:600px\" aria-label=\"Incorporado de Incorporado de Letramento-digital-e-a-BNCC..\"><\/object><a href=\"http:\/\/realptl.letras.ufmg.br\/realptl\/wp-content\/uploads\/2022\/01\/Letramento-digital-e-a-BNCC.pdf\">Letramento-digital-e-a-BNCC<\/a><a href=\"http:\/\/realptl.letras.ufmg.br\/realptl\/wp-content\/uploads\/2022\/01\/Letramento-digital-e-a-BNCC.pdf\" class=\"wp-block-file__button\" download>Baixar<\/a><\/div>\n\n\n\n<p>Por: Elaine Teixeira e J\u00e9ssica Carvalho<\/p>\n\n\n\n<p> Material produzido para a disciplina &#8220;Letramento digital&#8221; ministrada pela Prof\u00aa Carla Coscarelli no Poslin\/UFMG, 2\u00ba semestre de 2021.<\/p>\n\n\n\n<p>(Se voc\u00ea utilizou este REA ou o adaptou para seu interesse, conte aqui como foi e compartilhe sua adapta\u00e7\u00e3o) <\/p>\n\n\n\n<p>Letramento digital e a BNCC de  \u00a0<a rel=\"noreferrer noopener\" href=\"http:\/\/realptl.letras.ufmg.br\/realptl\/\" target=\"_blank\">REALPTL<\/a>  est\u00e1 licenciado com uma Licen\u00e7a <a href=\"http:\/\/creativecommons.org\/licenses\/by\/4.0\/\">Creative Commons Atribui\u00e7\u00e3o 4.0 Internacional<\/a>.<\/p>\n\n\n\n<div class=\"wp-block-image\"><figure class=\"aligncenter\"><img decoding=\"async\" src=\"https:\/\/i.creativecommons.org\/l\/by\/4.0\/88x31.png\" alt=\"Licen\u00e7a Creative Commons\"\/><\/figure><\/div>\n","protected":false},"excerpt":{"rendered":"<p>Neste livreto as autoras apresentam a defini\u00e7\u00e3o sobre o letramento digital e o que diz a BNCC, documento que rege a educa\u00e7\u00e3o b\u00e1sica brasileira, sobre a aplica\u00e7\u00e3o dele. Por: Elaine Teixeira e J\u00e9ssica Carvalho Material produzido para a disciplina &#8220;Letramento digital&#8221; ministrada pela Prof\u00aa Carla Coscarelli no Poslin\/UFMG, 2\u00ba semestre de 2021. (Se voc\u00ea utilizou [&hellip;]<\/p>\n","protected":false},"author":9,"featured_media":3053,"comment_status":"closed","ping_status":"closed","sticky":false,"template":"","format":"standard","meta":[],"categories":[82,214,81],"tags":[256],"_links":{"self":[{"href":"http:\/\/realptl.letras.ufmg.br\/realptl\/wp-json\/wp\/v2\/posts\/3051"}],"collection":[{"href":"http:\/\/realptl.letras.ufmg.br\/realptl\/wp-json\/wp\/v2\/posts"}],"about":[{"href":"http:\/\/realptl.letras.ufmg.br\/realptl\/wp-json\/wp\/v2\/types\/post"}],"author":[{"embeddable":true,"href":"http:\/\/realptl.letras.ufmg.br\/realptl\/wp-json\/wp\/v2\/users\/9"}],"replies":[{"embeddable":true,"href":"http:\/\/realptl.letras.ufmg.br\/realptl\/wp-json\/wp\/v2\/comments?post=3051"}],"version-history":[{"count":4,"href":"http:\/\/realptl.letras.ufmg.br\/realptl\/wp-json\/wp\/v2\/posts\/3051\/revisions"}],"predecessor-version":[{"id":3072,"href":"http:\/\/realptl.letras.ufmg.br\/realptl\/wp-json\/wp\/v2\/posts\/3051\/revisions\/3072"}],"wp:featuredmedia":[{"embeddable":true,"href":"http:\/\/realptl.letras.ufmg.br\/realptl\/wp-json\/wp\/v2\/media\/3053"}],"wp:attachment":[{"href":"http:\/\/realptl.letras.ufmg.br\/realptl\/wp-json\/wp\/v2\/media?parent=3051"}],"wp:term":[{"taxonomy":"category","embeddable":true,"href":"http:\/\/realptl.letras.ufmg.br\/realptl\/wp-json\/wp\/v2\/categories?post=3051"},{"taxonomy":"post_tag","embeddable":true,"href":"http:\/\/realptl.letras.ufmg.br\/realptl\/wp-json\/wp\/v2\/tags?post=3051"}],"curies":[{"name":"wp","href":"https:\/\/api.w.org\/{rel}","templated":true}]}}